{"id":188,"date":"2017-06-29T08:28:26","date_gmt":"2017-06-29T06:28:26","guid":{"rendered":"https:\/\/websites.fraunhofer.de\/aktiv-kommunal\/?p=188"},"modified":"2018-11-04T08:32:04","modified_gmt":"2018-11-04T07:32:04","slug":"verbundtreffen-konstanz","status":"publish","type":"post","link":"https:\/\/aktiv-kommunal.de\/index.php\/2017\/06\/29\/verbundtreffen-konstanz\/","title":{"rendered":"Verbundtreffen Konstanz"},"content":{"rendered":"<h3>Kick-off f\u00fcr das Projekt \u00bbAKTIV-kommunal\u00ab am 28.-29.06.2017<\/h3>\n<p>Die Kommunalwirtschaft steht im Zuge der Digitalisierung vor gravierenden Herausforderungen. \u00bbWie ver\u00e4ndern sich Strukturen, Prozesse und die Arbeit im Unternehmen durch die digitale Transformation? Wie k\u00f6nnen die Unternehmen ihre sozialen und betrieblichen Aufgaben im Ver\u00e4nderungsprozess erfolgreich wahrnehmen?\u00ab<\/p>\n<p>Diese Fragen stehen im Mittelpunkt des BMBF-Projektes \u00bbAKTIV-kommunal\u00ab.<\/p>\n<p>Im Rahmen der Auftaktveranstaltung am 28. und 29. Juni 2017 begannen die Projektpartner die Grundlagen f\u00fcr die gemeinsame Forschungs- und Entwicklungsarbeit der n\u00e4chsten 3 Jahre zu entwerfen.<br \/>\nNach einer Begr\u00fc\u00dfung stellte Frau Univ.-Prof. Dr. Borchert als Verbundkoordinatorin von der Universit\u00e4t Duisburg-Essen in einem Impulsbeitrag zur \u201eDigitalisierung in kommunalen Unternehmen\u201c zentrale Thesen vor, die anschlie\u00dfend angeregt diskutiert wurden. Dar\u00fcber hinaus wurden die Ziele des Projektes und die jeweiligen Teilvorhaben vorgestellt und miteinander er\u00f6rtert. Dabei wurde ein besonderes Augenmerk auf eine enge Kooperation sowie einen regen Austausch w\u00e4hrend der gesamten Projektlaufzeit und dar\u00fcber hinaus gelegt, um die Projektziele erreichen zu k\u00f6nnen.<\/p>\n<p>Zum Auftakt des zweiten Tages des Verbundtreffens stellte Herr Dr. Reuter, Gesch\u00e4ftsf\u00fchrer der Stadtwerke Konstanz, die Stadtwerke als Unternehmen mit spezieller Ber\u00fccksichtigung neuer, digitalisierungsbedingter Ver\u00e4nderungen und Herausforderungen vor.<\/p>\n<p>Frau Onwuka, die als Vertreterin f\u00fcr den Projekttr\u00e4ger an dem Verbundtreffen teilnahm, informierte den Projektverbund zu den Themen Zahlungsverkehr, Berichtspflicht und \u00d6ffentlichkeitsarbeit, um die vorhandenen Fragen zur Gestaltung des Verbundprojektes zu kl\u00e4ren.<\/p>\n<p>Insgesamt ist zu res\u00fcmieren, dass das Verbundtreffen sehr erfolgreich war und einen wichtigen Grundstein f\u00fcr die zuk\u00fcnftige Zusammenarbeit gelegt hat.<\/p>\n","protected":false},"excerpt":{"rendered":"<p>Kick-off f\u00fcr das Projekt \u00bbAKTIV-kommunal\u00ab am 28.-29.06.2017 Die Kommunalwirtschaft steht im Zuge der Digitalisierung vor gravierenden Herausforderungen. \u00bbWie ver\u00e4ndern sich Strukturen, Prozesse und die Arbeit im Unternehmen durch die digitale Transformation? Wie k\u00f6nnen die Unternehmen ihre sozialen und betrieblichen Aufgaben im Ver\u00e4nderungsprozess erfolgreich wahrnehmen?\u00ab Diese Fragen stehen im Mittelpunkt des BMBF-Projektes \u00bbAKTIV-kommunal\u00ab. Im Rahmen der [&hellip;]<\/p>\n","protected":false},"author":1,"featured_media":0,"comment_status":"closed","ping_status":"closed","sticky":false,"template":"","format":"standard","meta":{"_acf_changed":false,"footnotes":""},"categories":[5],"tags":[],"acf":[],"_links":{"self":[{"href":"https:\/\/aktiv-kommunal.de\/index.php\/wp-json\/wp\/v2\/posts\/188"}],"collection":[{"href":"https:\/\/aktiv-kommunal.de\/index.php\/wp-json\/wp\/v2\/posts"}],"about":[{"href":"https:\/\/aktiv-kommunal.de\/index.php\/wp-json\/wp\/v2\/types\/post"}],"author":[{"embeddable":true,"href":"https:\/\/aktiv-kommunal.de\/index.php\/wp-json\/wp\/v2\/users\/1"}],"replies":[{"embeddable":true,"href":"https:\/\/aktiv-kommunal.de\/index.php\/wp-json\/wp\/v2\/comments?post=188"}],"version-history":[{"count":2,"href":"https:\/\/aktiv-kommunal.de\/index.php\/wp-json\/wp\/v2\/posts\/188\/revisions"}],"predecessor-version":[{"id":190,"href":"https:\/\/aktiv-kommunal.de\/index.php\/wp-json\/wp\/v2\/posts\/188\/revisions\/190"}],"wp:attachment":[{"href":"https:\/\/aktiv-kommunal.de\/index.php\/wp-json\/wp\/v2\/media?parent=188"}],"wp:term":[{"taxonomy":"category","embeddable":true,"href":"https:\/\/aktiv-kommunal.de\/index.php\/wp-json\/wp\/v2\/categories?post=188"},{"taxonomy":"post_tag","embeddable":true,"href":"https:\/\/aktiv-kommunal.de\/index.php\/wp-json\/wp\/v2\/tags?post=188"}],"curies":[{"name":"wp","href":"https:\/\/api.w.org\/{rel}","templated":true}]}}