{"id":195,"date":"2018-02-16T08:39:46","date_gmt":"2018-02-16T07:39:46","guid":{"rendered":"https:\/\/websites.fraunhofer.de\/aktiv-kommunal\/?p=195"},"modified":"2018-11-04T08:41:23","modified_gmt":"2018-11-04T07:41:23","slug":"verbundtreffen-duisburg","status":"publish","type":"post","link":"https:\/\/aktiv-kommunal.de\/index.php\/2018\/02\/16\/verbundtreffen-duisburg\/","title":{"rendered":"Verbundtreffen Duisburg"},"content":{"rendered":"<h3>Verbundtreffen 15.-16. Februar 2018<\/h3>\n<p>Die Projektpartner kamen zum dritten Verbundtreffen des BMBF-Projektes \u00bbAKTIV-kommunal\u00ab vom 15.- 16. Februar 2018 im Mercator Haus der Universit\u00e4t Duisburg-Essen zusammen, wo Frau Univ.-Prof. Dr. Borchert zun\u00e4chst einen Einblick in die noch junge fusionierte Universit\u00e4t gab.<\/p>\n<p>Erste Impulse zum Einstieg in die sp\u00e4tere Diskussionsrunde gab Prof. Daniel Buhr, Beiratsmitglied, mit seinem Vortrag \u00fcber das Spannungsfeld zwischen Chancen und Risiken der Digitalisierung sowie der Rolle sozialer Innovationen in Zeiten der Digitalisierung.<\/p>\n<p>Im Anschluss stellten alle Partner den Stand der jeweiligen Teilvorhaben vor. Einige Prozesse, die im Rahmen des Projektes \u00bbAKTIV-kommunal\u00ab digitalisiert, automatisiert und optimiert werden sollen, wurden bereits identifiziert und teilweise umgesetzt. Auch die Planung der im Mai stattfindenden Erhebungen der Teilpakete \u201ePersonalf\u00fchrung und Personalarbeit\u201c sowie \u201eArbeitsmodelle\u201c wurden vorgestellt. Als abschlie\u00dfenden Punkt auf der Agenda und Ausblick in die Zukunft wurden erste Konzepte f\u00fcr den Praxistransfer pr\u00e4sentiert, welche im Anschluss an die bevorstehenden Befragungen umgesetzt werden sollen.<\/p>\n","protected":false},"excerpt":{"rendered":"<p>Verbundtreffen 15.-16. Februar 2018 Die Projektpartner kamen zum dritten Verbundtreffen des BMBF-Projektes \u00bbAKTIV-kommunal\u00ab vom 15.- 16. Februar 2018 im Mercator Haus der Universit\u00e4t Duisburg-Essen zusammen, wo Frau Univ.-Prof. Dr. Borchert zun\u00e4chst einen Einblick in die noch junge fusionierte Universit\u00e4t gab. Erste Impulse zum Einstieg in die sp\u00e4tere Diskussionsrunde gab Prof. Daniel Buhr, Beiratsmitglied, mit seinem [&hellip;]<\/p>\n","protected":false},"author":1,"featured_media":0,"comment_status":"closed","ping_status":"closed","sticky":false,"template":"","format":"standard","meta":{"_acf_changed":false,"footnotes":""},"categories":[5],"tags":[],"acf":[],"_links":{"self":[{"href":"https:\/\/aktiv-kommunal.de\/index.php\/wp-json\/wp\/v2\/posts\/195"}],"collection":[{"href":"https:\/\/aktiv-kommunal.de\/index.php\/wp-json\/wp\/v2\/posts"}],"about":[{"href":"https:\/\/aktiv-kommunal.de\/index.php\/wp-json\/wp\/v2\/types\/post"}],"author":[{"embeddable":true,"href":"https:\/\/aktiv-kommunal.de\/index.php\/wp-json\/wp\/v2\/users\/1"}],"replies":[{"embeddable":true,"href":"https:\/\/aktiv-kommunal.de\/index.php\/wp-json\/wp\/v2\/comments?post=195"}],"version-history":[{"count":1,"href":"https:\/\/aktiv-kommunal.de\/index.php\/wp-json\/wp\/v2\/posts\/195\/revisions"}],"predecessor-version":[{"id":196,"href":"https:\/\/aktiv-kommunal.de\/index.php\/wp-json\/wp\/v2\/posts\/195\/revisions\/196"}],"wp:attachment":[{"href":"https:\/\/aktiv-kommunal.de\/index.php\/wp-json\/wp\/v2\/media?parent=195"}],"wp:term":[{"taxonomy":"category","embeddable":true,"href":"https:\/\/aktiv-kommunal.de\/index.php\/wp-json\/wp\/v2\/categories?post=195"},{"taxonomy":"post_tag","embeddable":true,"href":"https:\/\/aktiv-kommunal.de\/index.php\/wp-json\/wp\/v2\/tags?post=195"}],"curies":[{"name":"wp","href":"https:\/\/api.w.org\/{rel}","templated":true}]}}