{"id":197,"date":"2018-06-15T08:41:31","date_gmt":"2018-06-15T06:41:31","guid":{"rendered":"https:\/\/websites.fraunhofer.de\/aktiv-kommunal\/?p=197"},"modified":"2018-11-04T10:03:16","modified_gmt":"2018-11-04T09:03:16","slug":"verbundtreffen-freiburg","status":"publish","type":"post","link":"https:\/\/aktiv-kommunal.de\/index.php\/2018\/06\/15\/verbundtreffen-freiburg\/","title":{"rendered":"Verbundtreffen Freiburg"},"content":{"rendered":"<h3>Verbundtreffen 15. Juni 2018<\/h3>\n<p>Zur Halbzeit der Projektlaufzeit trafen sich die Partner des Projektes \u00bbAKTIV-kommunal\u00ab zu einem Verbundtreffen in Freiburg im Breisgau. Gastgeber war die badenova AG &#038; Co. KG als gr\u00f6\u00dfter Energieversorger im Regierungsbezirk Freiburg.<br \/>\nIm Mittelpunkt des Verbundtreffens stand die folgende Frage: \u00bbWie schaffen wir es, im Sinne eines integrativen Projekts, die Projektergebnisse zu einer praxisorientierten Toolbox zu b\u00fcndeln, mit deren Hilfe Unternehmen die Digitalisierung in ihrem Unternehmen eigenst\u00e4ndig vorantreiben k\u00f6nnen?\u00ab<\/p>\n<p>Neben der Vorstellung der Zwischenergebnisse der jeweiligen Teilprojekte diskutierten die Verbundpartner genau diese Fragestellung. Das Spektrum der bereits erarbeiteten und noch weiter zu entwickelnden Tools reicht hierbei von innovativen Betriebsvereinbarungen f\u00fcr neue Arbeitsmodelle \u00fcber neue Personal- und F\u00fchrungskr\u00e4fteentwicklungskonzepte bis hin zu Vorgehensmodellen f\u00fcr eine strukturierte Digitalisierung und Optimierung von Prozessen.<br \/>\nFrau Dipl.-Ing. Barbara Mesow als Vertreterin des Projekttr\u00e4gers nahm an diesem Verbundtreffen ebenfalls teil und informierte \u00fcber aktuelle Entwicklungen und Vorgaben des Projekttr\u00e4gers.<\/p>\n<p>Insgesamt blicken die Projektpartner sehr stolz und zufrieden auf die erste Halbzeit des Projektes zur\u00fcck und sind in Bezug auf den Verlauf der zweiten Halbzeit sehr zuversichtlich.<\/p>\n","protected":false},"excerpt":{"rendered":"<p>Verbundtreffen 15. Juni 2018 Zur Halbzeit der Projektlaufzeit trafen sich die Partner des Projektes \u00bbAKTIV-kommunal\u00ab zu einem Verbundtreffen in Freiburg im Breisgau. Gastgeber war die badenova AG &#038; Co. KG als gr\u00f6\u00dfter Energieversorger im Regierungsbezirk Freiburg. Im Mittelpunkt des Verbundtreffens stand die folgende Frage: \u00bbWie schaffen wir es, im Sinne eines integrativen Projekts, die Projektergebnisse [&hellip;]<\/p>\n","protected":false},"author":1,"featured_media":0,"comment_status":"closed","ping_status":"closed","sticky":false,"template":"","format":"standard","meta":{"_acf_changed":false,"footnotes":""},"categories":[5],"tags":[],"acf":[],"_links":{"self":[{"href":"https:\/\/aktiv-kommunal.de\/index.php\/wp-json\/wp\/v2\/posts\/197"}],"collection":[{"href":"https:\/\/aktiv-kommunal.de\/index.php\/wp-json\/wp\/v2\/posts"}],"about":[{"href":"https:\/\/aktiv-kommunal.de\/index.php\/wp-json\/wp\/v2\/types\/post"}],"author":[{"embeddable":true,"href":"https:\/\/aktiv-kommunal.de\/index.php\/wp-json\/wp\/v2\/users\/1"}],"replies":[{"embeddable":true,"href":"https:\/\/aktiv-kommunal.de\/index.php\/wp-json\/wp\/v2\/comments?post=197"}],"version-history":[{"count":1,"href":"https:\/\/aktiv-kommunal.de\/index.php\/wp-json\/wp\/v2\/posts\/197\/revisions"}],"predecessor-version":[{"id":198,"href":"https:\/\/aktiv-kommunal.de\/index.php\/wp-json\/wp\/v2\/posts\/197\/revisions\/198"}],"wp:attachment":[{"href":"https:\/\/aktiv-kommunal.de\/index.php\/wp-json\/wp\/v2\/media?parent=197"}],"wp:term":[{"taxonomy":"category","embeddable":true,"href":"https:\/\/aktiv-kommunal.de\/index.php\/wp-json\/wp\/v2\/categories?post=197"},{"taxonomy":"post_tag","embeddable":true,"href":"https:\/\/aktiv-kommunal.de\/index.php\/wp-json\/wp\/v2\/tags?post=197"}],"curies":[{"name":"wp","href":"https:\/\/api.w.org\/{rel}","templated":true}]}}