{"id":235,"date":"2018-12-07T09:55:48","date_gmt":"2018-12-07T08:55:48","guid":{"rendered":"https:\/\/websites.fraunhofer.de\/aktiv-kommunal\/?p=235"},"modified":"2019-04-04T09:58:22","modified_gmt":"2019-04-04T07:58:22","slug":"verbundtreffen-stuttgart-input-consulting","status":"publish","type":"post","link":"https:\/\/aktiv-kommunal.de\/index.php\/2018\/12\/07\/verbundtreffen-stuttgart-input-consulting\/","title":{"rendered":"Verbundtreffen Stuttgart, INPUT Consulting"},"content":{"rendered":"<p>Zum letzten Mal im Jahr 2018 trafen sich die Verbundpartner des Projektes AKTIV-kommunal am in Stuttgart. Ausgerichtet wurde das Treffen von INPUT Consulting.<br \/>\nAls Keynote-Speakerin war Frau Fischer, Personalleiterin der Stadtwerke Lindau, zu Gast und berichtete \u00fcber die Umsetzung einer unternehmensweiten Change-Offensive, um der Digitalisierung zu begegnen.<br \/>\nNeben der Pr\u00e4sentation der Ergebnisse aus den Teilprojekten wurden insbesondere die Weichen f\u00fcr die Entwicklung eines Unternehmensleitbildes f\u00fcr die Kommunalwirtschaft gestellt. Hierzu wurde ein Workshop mit dem Projektbeirat durchgef\u00fchrt, um wesentliche Themen f\u00fcr die Erstellung des Leitbildes zu identifizieren.<\/p>\n","protected":false},"excerpt":{"rendered":"<p>Zum letzten Mal im Jahr 2018 trafen sich die Verbundpartner des Projektes AKTIV-kommunal am in Stuttgart. Ausgerichtet wurde das Treffen von INPUT Consulting. Als Keynote-Speakerin war Frau Fischer, Personalleiterin der Stadtwerke Lindau, zu Gast und berichtete \u00fcber die Umsetzung einer unternehmensweiten Change-Offensive, um der Digitalisierung zu begegnen. Neben der Pr\u00e4sentation der Ergebnisse aus den Teilprojekten [&hellip;]<\/p>\n","protected":false},"author":1,"featured_media":0,"comment_status":"closed","ping_status":"closed","sticky":false,"template":"","format":"standard","meta":{"_acf_changed":false,"footnotes":""},"categories":[5],"tags":[],"acf":[],"_links":{"self":[{"href":"https:\/\/aktiv-kommunal.de\/index.php\/wp-json\/wp\/v2\/posts\/235"}],"collection":[{"href":"https:\/\/aktiv-kommunal.de\/index.php\/wp-json\/wp\/v2\/posts"}],"about":[{"href":"https:\/\/aktiv-kommunal.de\/index.php\/wp-json\/wp\/v2\/types\/post"}],"author":[{"embeddable":true,"href":"https:\/\/aktiv-kommunal.de\/index.php\/wp-json\/wp\/v2\/users\/1"}],"replies":[{"embeddable":true,"href":"https:\/\/aktiv-kommunal.de\/index.php\/wp-json\/wp\/v2\/comments?post=235"}],"version-history":[{"count":1,"href":"https:\/\/aktiv-kommunal.de\/index.php\/wp-json\/wp\/v2\/posts\/235\/revisions"}],"predecessor-version":[{"id":236,"href":"https:\/\/aktiv-kommunal.de\/index.php\/wp-json\/wp\/v2\/posts\/235\/revisions\/236"}],"wp:attachment":[{"href":"https:\/\/aktiv-kommunal.de\/index.php\/wp-json\/wp\/v2\/media?parent=235"}],"wp:term":[{"taxonomy":"category","embeddable":true,"href":"https:\/\/aktiv-kommunal.de\/index.php\/wp-json\/wp\/v2\/categories?post=235"},{"taxonomy":"post_tag","embeddable":true,"href":"https:\/\/aktiv-kommunal.de\/index.php\/wp-json\/wp\/v2\/tags?post=235"}],"curies":[{"name":"wp","href":"https:\/\/api.w.org\/{rel}","templated":true}]}}